{"id":385,"date":"2025-08-21T11:38:28","date_gmt":"2025-08-21T11:38:28","guid":{"rendered":"https:\/\/www.dev1.mevogroup.com\/?p=385"},"modified":"2025-08-21T11:38:30","modified_gmt":"2025-08-21T11:38:30","slug":"ceremonie-de-rentree-scolaire-2022-2023","status":"publish","type":"post","link":"https:\/\/www.collegejeantabi.org\/fr_fr\/ceremonie-de-rentree-scolaire-2022-2023\/","title":{"rendered":"C\u00e9r\u00e9monie de Rentr\u00e9e scolaire 2022-2023"},"content":{"rendered":"\n<h2 class=\"wp-block-heading\"><strong>RETOUR \u00c0 L\u2019\u00c9COLE!<\/strong><\/h2>\n\n\n\n<p>La c\u00e9r\u00e9monie de lancement de l\u2019ann\u00e9e scolaire 2022- 2023 a eu lieu le lundi 05 septembre 2022 \u00e0 7h30 dans l\u2019enceinte du coll\u00e8ge. Pr\u00e9c\u00e9d\u00e9e par le d\u00e9fil\u00e9 des \u00e9l\u00e8ves des diff\u00e9rentes classes sous l\u2019\u0153il admiratif des parents, la traditionnelle lev\u00e9e des couleurs a \u00e9t\u00e9 effectu\u00e9e, suivie de la pri\u00e8re. L\u2019un des temps forts de cette premi\u00e8re c\u00e9r\u00e9monie \u00e9tait, tout d\u2019abord, le discours d\u2019au revoir de la R\u00e9v\u00e9rende S\u0153ur Anastasie BEKONO qui, apr\u00e8s 10 ans pass\u00e9 en tant que Principale du coll\u00e8ge, occupera d\u00e9sormais le poste de Sup\u00e9rieure R\u00e9gionale des S\u0153urs Servantes du Saint-C\u0153ur de Marie. Elle a, de ce fait, pr\u00e9sent\u00e9 la nouvelle S\u0153ur Principale du coll\u00e8ge, S\u0153ur Hortense Victorine NYAMOUTH. Le micro a ensuite \u00e9t\u00e9 pass\u00e9 \u00e0 cette derni\u00e8re qu\u2019apr\u00e8s avoir remerci\u00e9 les parents, partenaires \u00e9ducatifs du coll\u00e8ge ainsi que la S\u0153ur Anastasie pour la confiance qu\u2019elle lui accorde, elle s\u2019est adress\u00e9e tour \u00e0 tour aux \u00e9l\u00e8ves, au personnel, pour les rassurer quant \u00e0 la continuit\u00e9 dans les objectifs de croissance int\u00e9grale et d\u2019excellence du jeantabien et de la jeantabienne. Elle a, par la suite, remis les dipl\u00f4mes\u00a0 d\u2019excellence aux \u00e9l\u00e8ves ENAMA MEKOGO et NGASSAKI Pascal, qui ont obtenu la mention excellent au BEPC session 2022. Une parenth\u00e8se a, en outre, \u00e9t\u00e9 faite pour rendre hommage \u00e0 Mme BITONGO Rosalie qui prendra sa retraite en octobre apr\u00e8s 27 ans d\u2019exercice au sein du coll\u00e8ge. Le Vice-pr\u00e9sident de l\u2019APECY, le Pr NAMA\u00a0 MVOMO s\u2019est \u00e9galement exprim\u00e9 pour accueillir la R\u00e9v\u00e9rende S\u0153ur Principale Hortense au sein de la communaut\u00e9 jeantabienne. En \u00e9non\u00e7ant un proverbe africain qui stipule que\u00a0: \u00ab\u00a0Les premiers pas de danse ne font pas transpirer\u00a0\u00bb, il a tenu \u00e0 d\u00e9montrer son soutien et celui de tous les parents en la rassurant que son s\u00e9jour ne sera pas difficile car elle n\u2019est pas seule. Par ailleurs, l\u2019ancien \u00e9l\u00e8ve POUAMOU CHIMOUN a \u00e9t\u00e9 invit\u00e9 car \u00e9tant 4<sup>e<\/sup>\u00a0dans l\u2019histoire du Cameroun, \u00e0 obtenir la mention excellent au Baccalaur\u00e9at C. Il a encourag\u00e9 les jeantabiens \u00e0 donner le meilleur d\u2019eux-m\u00eames et \u00e0 se surpasser pour atteindre leurs objectifs. Comme il l\u2019a dit\u00a0:\u00a0\u00ab\u00a0La r\u00e9ussite est le seul m\u00e9dicament face \u00e0 la douleur de l\u2019effort\u00a0\u00bb. Apr\u00e8s avoir remerci\u00e9 le coll\u00e8ge pour son aide, il a pass\u00e9 la parole aux anciens \u00e9l\u00e8ves MBANG Florian et ATCHOKA Lo\u00efc qui ont prodigu\u00e9 des conseils aux g\u00e9n\u00e9rations actuelles. Ils ont laiss\u00e9 la place au Pr. ONGUENE ESSONO, Responsable du CREFSCO qui a fourni aux \u00e9l\u00e8ves, deux cl\u00e9s du succ\u00e8s. Premi\u00e8rement les portes du coll\u00e8ge, ouvertes par les parents pour les hisser au sommet de la r\u00e9ussite. Et deuxi\u00e8mement, l\u2019accueil r\u00e9ciproque du coll\u00e8ge qui accepte le d\u00e9sir de r\u00e9ussir des \u00e9l\u00e8ves en leur fournissant les mat\u00e9riaux n\u00e9cessaires. Avant de cl\u00f4turer, le traditionnel flambeau a \u00e9t\u00e9 transmis au meilleur laur\u00e9at du concours d\u2019entr\u00e9e en 6<sup>e<\/sup>, SANDJO NJONJOH de 6<sup>e<\/sup>\u00a0C, par l\u2019influenceur POUAMOU CHIMOUN Foyet. Enfin, le P\u00e8re Jean Augustin a b\u00e9ni l\u2019ann\u00e9e scolaire 2022-2023 et celle-ci a \u00e9t\u00e9 d\u00e9clar\u00e9e ouverte par la R\u00e9v\u00e9rende S\u0153ur Principale et les \u00e9l\u00e8ves ont int\u00e9gr\u00e9 leurs salles de classes. \u00a0 \u00a0 \u00a0<\/p>\n\n\n\n<p><\/p>\n\n\n\n<p><em>Source : Mme ETOUNDI<\/em><\/p>\n","protected":false},"excerpt":{"rendered":"<p>RETOUR \u00c0 L\u2019\u00c9COLE! La c\u00e9r\u00e9monie de lancement de l\u2019ann\u00e9e scolaire 2022- 2023 a eu lieu le lundi 05 septembre 2022 \u00e0 7h30 dans l\u2019enceinte du coll\u00e8ge. Pr\u00e9c\u00e9d\u00e9e par le d\u00e9fil\u00e9 des \u00e9l\u00e8ves des diff\u00e9rentes classes sous l\u2019\u0153il admiratif des parents, la traditionnelle lev\u00e9e des couleurs a \u00e9t\u00e9 effectu\u00e9e, suivie de la pri\u00e8re. L\u2019un des temps [&hellip;]<\/p>\n","protected":false},"author":1,"featured_media":386,"comment_status":"open","ping_status":"open","sticky":false,"template":"","format":"standard","meta":{"rank_math_robots":"","footnotes":""},"categories":[13],"tags":[],"class_list":["post-385","post","type-post","status-publish","format-standard","has-post-thumbnail","hentry","category-viie-au-college"],"_links":{"self":[{"href":"https:\/\/www.collegejeantabi.org\/fr_fr\/wp-json\/wp\/v2\/posts\/385","targetHints":{"allow":["GET"]}}],"collection":[{"href":"https:\/\/www.collegejeantabi.org\/fr_fr\/wp-json\/wp\/v2\/posts"}],"about":[{"href":"https:\/\/www.collegejeantabi.org\/fr_fr\/wp-json\/wp\/v2\/types\/post"}],"author":[{"embeddable":true,"href":"https:\/\/www.collegejeantabi.org\/fr_fr\/wp-json\/wp\/v2\/users\/1"}],"replies":[{"embeddable":true,"href":"https:\/\/www.collegejeantabi.org\/fr_fr\/wp-json\/wp\/v2\/comments?post=385"}],"version-history":[{"count":1,"href":"https:\/\/www.collegejeantabi.org\/fr_fr\/wp-json\/wp\/v2\/posts\/385\/revisions"}],"predecessor-version":[{"id":387,"href":"https:\/\/www.collegejeantabi.org\/fr_fr\/wp-json\/wp\/v2\/posts\/385\/revisions\/387"}],"wp:featuredmedia":[{"embeddable":true,"href":"https:\/\/www.collegejeantabi.org\/fr_fr\/wp-json\/wp\/v2\/media\/386"}],"wp:attachment":[{"href":"https:\/\/www.collegejeantabi.org\/fr_fr\/wp-json\/wp\/v2\/media?parent=385"}],"wp:term":[{"taxonomy":"category","embeddable":true,"href":"https:\/\/www.collegejeantabi.org\/fr_fr\/wp-json\/wp\/v2\/categories?post=385"},{"taxonomy":"post_tag","embeddable":true,"href":"https:\/\/www.collegejeantabi.org\/fr_fr\/wp-json\/wp\/v2\/tags?post=385"}],"curies":[{"name":"wp","href":"https:\/\/api.w.org\/{rel}","templated":true}]}}