{"id":379,"date":"2025-08-21T11:35:17","date_gmt":"2025-08-21T11:35:17","guid":{"rendered":"https:\/\/www.dev1.mevogroup.com\/?p=379"},"modified":"2025-08-21T11:35:19","modified_gmt":"2025-08-21T11:35:19","slug":"pasch-tag-kamerun-2017-goethe-institut-kamerun-college-jean-tabi","status":"publish","type":"post","link":"https:\/\/www.collegejeantabi.org\/fr_fr\/pasch-tag-kamerun-2017-goethe-institut-kamerun-college-jean-tabi\/","title":{"rendered":"PASCH Tag Kamerun 2017 Goethe-Institut Kamerun Coll\u00e8ge Jean Tabi"},"content":{"rendered":"\n<figure class=\"wp-block-embed is-type-video is-provider-youtube wp-block-embed-youtube wp-embed-aspect-16-9 wp-has-aspect-ratio\"><div class=\"wp-block-embed__wrapper\">\n<iframe title=\"PASCH Tag Kamerun 2017 Goethe-Institut Kamerun Coll\u00e8ge Jean Tabi\" width=\"800\" height=\"450\" src=\"https:\/\/www.youtube.com\/embed\/bREsuIPS_pw?feature=oembed\" frameborder=\"0\" allow=\"accelerometer; autoplay; clipboard-write; encrypted-media; gyroscope; picture-in-picture; web-share\" referrerpolicy=\"strict-origin-when-cross-origin\" allowfullscreen><\/iframe>\n<\/div><\/figure>\n\n\n\n<p>La 4\u00e8me journ\u00e9e PASCH au Cameroun a r\u00e9uni les 5 \u00e9tablissements partenaires au Coll\u00e8ge Jean Tabi \u00e0 Yaound\u00e9. Cette journ\u00e9e s\u2019est d\u00e9roul\u00e9e sous le th\u00e8me : \u00ab Enracin\u00e9 dans sa culture et ouvert au monde : la force du partenariat \u00bb. Apr\u00e8s les discours d\u2019ouverture du MINESEC et de l\u2019Ambassade d\u2019Allemagne les diff\u00e9rents visiteurs ont eu le privil\u00e8ge d\u2019admirer les prestations culturelles vari\u00e9es des \u00e9l\u00e8ves. Ils pouvaient \u00e9galement s\u2019informer sur l\u2019Allemagne \u00e0 travers des expositions et un programme ludique diversifi\u00e9. Der 4. PASCH-Tag in Kamerun hat die 5 deutschen Partnerschulen Kameruns im Coll\u00e8ge Jean Tab i n Yaound\u00e9 versammelt. Der Tag stand unter dem Motto: \u201eVerwurzelt und weltoffen: Die Kraft der Partnerschaft\u201c. Nach offiziellen Begr\u00fc\u00dfungen durch das Sekundarschulministerium und die Deutsche Botschaft konnten die Besucher vielf\u00e4ltige kulturelle Sch\u00fcler-Vorf\u00fchrungen bestaunen und sich am Nachmittag nicht nur \u00fcber Ausstellungen \u00fcber Deutschland erkundigen, sondern auch an einem vielf\u00e4ltigen Spieleprogramm beteiligen.<\/p>\n","protected":false},"excerpt":{"rendered":"<p>La 4\u00e8me journ\u00e9e PASCH au Cameroun a r\u00e9uni les 5 \u00e9tablissements partenaires au Coll\u00e8ge Jean Tabi \u00e0 Yaound\u00e9. Cette journ\u00e9e s\u2019est d\u00e9roul\u00e9e sous le th\u00e8me : \u00ab Enracin\u00e9 dans sa culture et ouvert au monde : la force du partenariat \u00bb. Apr\u00e8s les discours d\u2019ouverture du MINESEC et de l\u2019Ambassade d\u2019Allemagne les diff\u00e9rents visiteurs ont [&hellip;]<\/p>\n","protected":false},"author":1,"featured_media":382,"comment_status":"open","ping_status":"open","sticky":false,"template":"","format":"standard","meta":{"rank_math_robots":"","footnotes":""},"categories":[13],"tags":[],"class_list":["post-379","post","type-post","status-publish","format-standard","has-post-thumbnail","hentry","category-viie-au-college"],"_links":{"self":[{"href":"https:\/\/www.collegejeantabi.org\/fr_fr\/wp-json\/wp\/v2\/posts\/379","targetHints":{"allow":["GET"]}}],"collection":[{"href":"https:\/\/www.collegejeantabi.org\/fr_fr\/wp-json\/wp\/v2\/posts"}],"about":[{"href":"https:\/\/www.collegejeantabi.org\/fr_fr\/wp-json\/wp\/v2\/types\/post"}],"author":[{"embeddable":true,"href":"https:\/\/www.collegejeantabi.org\/fr_fr\/wp-json\/wp\/v2\/users\/1"}],"replies":[{"embeddable":true,"href":"https:\/\/www.collegejeantabi.org\/fr_fr\/wp-json\/wp\/v2\/comments?post=379"}],"version-history":[{"count":1,"href":"https:\/\/www.collegejeantabi.org\/fr_fr\/wp-json\/wp\/v2\/posts\/379\/revisions"}],"predecessor-version":[{"id":384,"href":"https:\/\/www.collegejeantabi.org\/fr_fr\/wp-json\/wp\/v2\/posts\/379\/revisions\/384"}],"wp:featuredmedia":[{"embeddable":true,"href":"https:\/\/www.collegejeantabi.org\/fr_fr\/wp-json\/wp\/v2\/media\/382"}],"wp:attachment":[{"href":"https:\/\/www.collegejeantabi.org\/fr_fr\/wp-json\/wp\/v2\/media?parent=379"}],"wp:term":[{"taxonomy":"category","embeddable":true,"href":"https:\/\/www.collegejeantabi.org\/fr_fr\/wp-json\/wp\/v2\/categories?post=379"},{"taxonomy":"post_tag","embeddable":true,"href":"https:\/\/www.collegejeantabi.org\/fr_fr\/wp-json\/wp\/v2\/tags?post=379"}],"curies":[{"name":"wp","href":"https:\/\/api.w.org\/{rel}","templated":true}]}}